{"id":4459,"date":"2021-06-09T09:32:34","date_gmt":"2021-06-09T09:32:34","guid":{"rendered":"https:\/\/www.viennavant.at\/?p=4459"},"modified":"2021-06-29T21:21:11","modified_gmt":"2021-06-29T21:21:11","slug":"apokalypsen-utopien-avantgarden","status":"publish","type":"post","link":"https:\/\/www.viennavant.at\/en\/apokalypsen-utopien-avantgarden\/","title":{"rendered":"Apokalypsen, Utopien, Avantgarden"},"content":{"rendered":"<p><strong> <a href=\"http:\/\/www.viennavant.at\/wp-content\/uploads\/mqlageplan.jpg\"><img loading=\"lazy\" decoding=\"async\" class=\"alignright size-medium wp-image-4466\" src=\"http:\/\/www.viennavant.at\/wp-content\/uploads\/mqlageplan-300x130.jpg\" alt=\"\" width=\"300\" height=\"130\" srcset=\"https:\/\/www.viennavant.at\/wp-content\/uploads\/mqlageplan-300x130.jpg 300w, https:\/\/www.viennavant.at\/wp-content\/uploads\/mqlageplan.jpg 940w\" sizes=\"auto, (max-width: 300px) 100vw, 300px\" \/><\/a>Donnerstag, 24. Juni 2021, 15 Uhr<\/strong><br \/>\n<strong>Museumsquartier \u2013 QDK, Raum D<\/strong><br \/>\n<strong>Museumsplatz 1<\/strong><br \/>\n<strong>1070 Wien<\/strong><\/p>\n<p>Ziel des Werkstattgespr\u00e4chs ist es, den Zusammenhang von Utopien und Apokalypsen in Hinblick auf Avantgarden aus verschiedenen Disziplinen zu beleuchten und gemeinsam zu diskutieren.<\/p>\n<p>Thomas Eder, Universit\u00e4t Wien: Bio-Adapter von <a href=\"https:\/\/de.wikipedia.org\/wiki\/Oswald_Wiener\">Oswald Wiener<\/a><br \/>\nKatharina Jesberger, Institut f\u00fcr Kunstgeschichte der Universit\u00e4t f\u00fcr Angewandte Kunst: <a href=\"https:\/\/www.angewandtekunstgeschichte.net\/forschung\/das-laboratorio-di-comunicazione-militante-im-kontext-der-internationalen-videobewegungen\">\u00a0\u201eLaboratorio di Comunicazione Militante\u201c<\/a><br \/>\nGerd Zillner, Kurator der Friedrich Kiesler Foundation: Der Utopist <a href=\"https:\/\/www.kiesler.org\/de\/\">Friedrich Kiesler<\/a><\/p>\n<p>Anschlie\u00dfend Diskussion.<br \/>\nModeration: Lucas Gehrmann, Kunsthistoriker, Kurator.<\/p>\n<p><a href=\"http:\/\/www.viennavant.at\/wp-content\/uploads\/Utopien_Apokalysen_Avantgarden1-scaled.jpg\"><img loading=\"lazy\" decoding=\"async\" class=\"alignleft wp-image-4505 size-large\" src=\"http:\/\/www.viennavant.at\/wp-content\/uploads\/Utopien_Apokalysen_Avantgarden1-1024x768.jpg\" alt=\"\" width=\"660\" height=\"495\" srcset=\"https:\/\/www.viennavant.at\/wp-content\/uploads\/Utopien_Apokalysen_Avantgarden1-1024x768.jpg 1024w, https:\/\/www.viennavant.at\/wp-content\/uploads\/Utopien_Apokalysen_Avantgarden1-300x225.jpg 300w, https:\/\/www.viennavant.at\/wp-content\/uploads\/Utopien_Apokalysen_Avantgarden1-1536x1152.jpg 1536w, https:\/\/www.viennavant.at\/wp-content\/uploads\/Utopien_Apokalysen_Avantgarden1-2048x1536.jpg 2048w\" sizes=\"auto, (max-width: 660px) 100vw, 660px\" \/><\/a><\/p>\n<p><a href=\"http:\/\/www.viennavant.at\/wp-content\/uploads\/Publikum1-scaled.jpg\"><img loading=\"lazy\" decoding=\"async\" class=\"alignright wp-image-4491\" src=\"http:\/\/www.viennavant.at\/wp-content\/uploads\/Publikum1-300x225.jpg\" alt=\"\" width=\"276\" height=\"207\" srcset=\"https:\/\/www.viennavant.at\/wp-content\/uploads\/Publikum1-300x225.jpg 300w, https:\/\/www.viennavant.at\/wp-content\/uploads\/Publikum1-1024x768.jpg 1024w, https:\/\/www.viennavant.at\/wp-content\/uploads\/Publikum1-1536x1152.jpg 1536w, https:\/\/www.viennavant.at\/wp-content\/uploads\/Publikum1-2048x1536.jpg 2048w\" sizes=\"auto, (max-width: 276px) 100vw, 276px\" \/><\/a><\/p>\n<p><a href=\"http:\/\/www.viennavant.at\/wp-content\/uploads\/Podium4-scaled.jpg\"><img loading=\"lazy\" decoding=\"async\" class=\" wp-image-4490 alignleft\" src=\"http:\/\/www.viennavant.at\/wp-content\/uploads\/Podium4-300x225.jpg\" alt=\"\" width=\"274\" height=\"206\" srcset=\"https:\/\/www.viennavant.at\/wp-content\/uploads\/Podium4-300x225.jpg 300w, https:\/\/www.viennavant.at\/wp-content\/uploads\/Podium4-1024x768.jpg 1024w, https:\/\/www.viennavant.at\/wp-content\/uploads\/Podium4-1536x1152.jpg 1536w, https:\/\/www.viennavant.at\/wp-content\/uploads\/Podium4-2048x1536.jpg 2048w\" sizes=\"auto, (max-width: 274px) 100vw, 274px\" \/><\/a><\/p>\n<p><a href=\"http:\/\/www.viennavant.at\/wp-content\/uploads\/qdk.jpg\"><img loading=\"lazy\" decoding=\"async\" class=\"alignleft wp-image-4476 size-large\" src=\"http:\/\/www.viennavant.at\/wp-content\/uploads\/qdk-1024x680.jpg\" alt=\"\" width=\"660\" height=\"438\" srcset=\"https:\/\/www.viennavant.at\/wp-content\/uploads\/qdk-1024x680.jpg 1024w, https:\/\/www.viennavant.at\/wp-content\/uploads\/qdk-300x199.jpg 300w, https:\/\/www.viennavant.at\/wp-content\/uploads\/qdk-1536x1020.jpg 1536w, https:\/\/www.viennavant.at\/wp-content\/uploads\/qdk.jpg 1627w\" sizes=\"auto, (max-width: 660px) 100vw, 660px\" \/><\/a><\/p>\n","protected":false},"excerpt":{"rendered":"<p>Donnerstag, 24. Juni 2021, 15 Uhr Museumsquartier \u2013 QDK, Raum D Museumsplatz 1 1070 Wien Ziel des Werkstattgespr\u00e4chs ist es, den Zusammenhang von Utopien und Apokalypsen in Hinblick auf Avantgarden aus verschiedenen Disziplinen zu beleuchten und gemeinsam zu diskutieren. Thomas Eder, Universit\u00e4t Wien: Bio-Adapter von Oswald Wiener Katharina Jesberger, Institut f\u00fcr Kunstgeschichte der Universit\u00e4t f\u00fcr &hellip; <a href=\"https:\/\/www.viennavant.at\/en\/apokalypsen-utopien-avantgarden\/\" class=\"more-link\">Continue reading <span class=\"screen-reader-text\">Apokalypsen, Utopien, Avantgarden<\/span><\/a><\/p>\n","protected":false},"author":1,"featured_media":0,"comment_status":"closed","ping_status":"closed","sticky":false,"template":"","format":"standard","meta":{"footnotes":""},"categories":[7],"tags":[],"class_list":["post-4459","post","type-post","status-publish","format-standard","hentry","category-gespraechsreihe"],"translation":{"provider":"WPGlobus","version":"3.0.2","language":"en","enabled_languages":["de","en"],"languages":{"de":{"title":true,"content":true,"excerpt":false},"en":{"title":false,"content":false,"excerpt":false}}},"_links":{"self":[{"href":"https:\/\/www.viennavant.at\/en\/wp-json\/wp\/v2\/posts\/4459","targetHints":{"allow":["GET"]}}],"collection":[{"href":"https:\/\/www.viennavant.at\/en\/wp-json\/wp\/v2\/posts"}],"about":[{"href":"https:\/\/www.viennavant.at\/en\/wp-json\/wp\/v2\/types\/post"}],"author":[{"embeddable":true,"href":"https:\/\/www.viennavant.at\/en\/wp-json\/wp\/v2\/users\/1"}],"replies":[{"embeddable":true,"href":"https:\/\/www.viennavant.at\/en\/wp-json\/wp\/v2\/comments?post=4459"}],"version-history":[{"count":19,"href":"https:\/\/www.viennavant.at\/en\/wp-json\/wp\/v2\/posts\/4459\/revisions"}],"predecessor-version":[{"id":4618,"href":"https:\/\/www.viennavant.at\/en\/wp-json\/wp\/v2\/posts\/4459\/revisions\/4618"}],"wp:attachment":[{"href":"https:\/\/www.viennavant.at\/en\/wp-json\/wp\/v2\/media?parent=4459"}],"wp:term":[{"taxonomy":"category","embeddable":true,"href":"https:\/\/www.viennavant.at\/en\/wp-json\/wp\/v2\/categories?post=4459"},{"taxonomy":"post_tag","embeddable":true,"href":"https:\/\/www.viennavant.at\/en\/wp-json\/wp\/v2\/tags?post=4459"}],"curies":[{"name":"wp","href":"https:\/\/api.w.org\/{rel}","templated":true}]}}