{"id":1759,"date":"2016-12-07T11:24:11","date_gmt":"2016-12-07T11:24:11","guid":{"rendered":"http:\/\/viennavant.cloud.d2mc.com\/?p=1759"},"modified":"2016-12-07T11:37:32","modified_gmt":"2016-12-07T11:37:32","slug":"bauen-oder-mehr","status":"publish","type":"post","link":"https:\/\/www.viennavant.at\/en\/bauen-oder-mehr\/","title":{"rendered":"\u201cBauen \u2013 oder mehr\u201d"},"content":{"rendered":"<p><strong>1. Dezember 2006<\/strong><br \/>\n<strong><a href=\"http:\/\/www.k-haus.at\/de\/verein\/information\/\">K\u00fcnstlerhaus<\/a><\/strong><br \/>\n<strong>1010 Wien, Karlsplatz 5<\/strong><\/p>\n<p><span class=\"image large\"><a href=\"http:\/\/www.viennavant.at\/wp-content\/uploads\/ManfredBernhardRudi.jpg\" target=\"_blank\"><img loading=\"lazy\" decoding=\"async\" class=\"alignnone wp-image-1072\" src=\"http:\/\/www.viennavant.at\/wp-content\/uploads\/ManfredBernhardRudi-300x200.jpg\" alt=\"manfredbernhardrudi\" width=\"430\" height=\"287\" srcset=\"https:\/\/www.viennavant.at\/wp-content\/uploads\/ManfredBernhardRudi-300x200.jpg 300w, https:\/\/www.viennavant.at\/wp-content\/uploads\/ManfredBernhardRudi-1024x683.jpg 1024w, https:\/\/www.viennavant.at\/wp-content\/uploads\/ManfredBernhardRudi-272x182.jpg 272w, https:\/\/www.viennavant.at\/wp-content\/uploads\/ManfredBernhardRudi.jpg 1800w\" sizes=\"auto, (max-width: 430px) 100vw, 430px\" \/><\/a> <\/span><\/p>\n<p>Gespr\u00e4ch mit <a href=\"http:\/\/www.zuend-up.com\/schrage.html\">Wolfgang Brunbauer<\/a>, <a href=\"http:\/\/de.wikipedia.org\/wiki\/G%C3%BCnther_Feuerstein\">G\u00fcnther Feuerstein<\/a>, <a href=\"http:\/\/www.eop.at\/datenbank\/personen\/rkohoutek\/biografie\/\">Rudolf Kohoutek<\/a>, <a href=\"http:\/\/de.wikipedia.org\/wiki\/Friedrich_Kurrent\">Friedrich Kurrent<\/a> und <a href=\"http:\/\/www.oeaw.ac.at\/kunst\/mitarbeit\/welzig.html\">Maria Welzig<\/a><\/p>\n<p>Moderation: <a href=\"http:\/\/www.nextroom.at\/actor.php?id=17349\">Bernhard Steger<\/a><\/p>\n","protected":false},"excerpt":{"rendered":"<p>1. Dezember 2006 K\u00fcnstlerhaus 1010 Wien, Karlsplatz 5 Gespr\u00e4ch mit Wolfgang Brunbauer, G\u00fcnther Feuerstein, Rudolf Kohoutek, Friedrich Kurrent und Maria Welzig Moderation: Bernhard Steger<\/p>\n","protected":false},"author":1,"featured_media":0,"comment_status":"closed","ping_status":"closed","sticky":false,"template":"","format":"standard","meta":{"footnotes":""},"categories":[7],"tags":[],"class_list":["post-1759","post","type-post","status-publish","format-standard","hentry","category-gespraechsreihe"],"translation":{"provider":"WPGlobus","version":"3.0.2","language":"en","enabled_languages":["de","en"],"languages":{"de":{"title":true,"content":true,"excerpt":false},"en":{"title":false,"content":false,"excerpt":false}}},"_links":{"self":[{"href":"https:\/\/www.viennavant.at\/en\/wp-json\/wp\/v2\/posts\/1759","targetHints":{"allow":["GET"]}}],"collection":[{"href":"https:\/\/www.viennavant.at\/en\/wp-json\/wp\/v2\/posts"}],"about":[{"href":"https:\/\/www.viennavant.at\/en\/wp-json\/wp\/v2\/types\/post"}],"author":[{"embeddable":true,"href":"https:\/\/www.viennavant.at\/en\/wp-json\/wp\/v2\/users\/1"}],"replies":[{"embeddable":true,"href":"https:\/\/www.viennavant.at\/en\/wp-json\/wp\/v2\/comments?post=1759"}],"version-history":[{"count":0,"href":"https:\/\/www.viennavant.at\/en\/wp-json\/wp\/v2\/posts\/1759\/revisions"}],"wp:attachment":[{"href":"https:\/\/www.viennavant.at\/en\/wp-json\/wp\/v2\/media?parent=1759"}],"wp:term":[{"taxonomy":"category","embeddable":true,"href":"https:\/\/www.viennavant.at\/en\/wp-json\/wp\/v2\/categories?post=1759"},{"taxonomy":"post_tag","embeddable":true,"href":"https:\/\/www.viennavant.at\/en\/wp-json\/wp\/v2\/tags?post=1759"}],"curies":[{"name":"wp","href":"https:\/\/api.w.org\/{rel}","templated":true}]}}